{"id":2847,"date":"2025-06-02T15:20:15","date_gmt":"2025-06-02T13:20:15","guid":{"rendered":"https:\/\/pantheresportivenzuisa.com\/fr\/?p=2847"},"modified":"2025-06-02T15:20:16","modified_gmt":"2025-06-02T13:20:16","slug":"mtn-elite-one-26ieme-journee-panthere-sportive-du-nde-vs-dynamo-fc-de-douala","status":"publish","type":"post","link":"https:\/\/pantheresportivenzuisa.com\/fr\/mtn-elite-one-26ieme-journee-panthere-sportive-du-nde-vs-dynamo-fc-de-douala\/","title":{"rendered":"MTN Elite One 26i\u00e8me journ\u00e9e: Panth\u00e8re Sportive du Nd\u00e9 Vs Dynamo FC de Douala"},"content":{"rendered":"\n<p>\ud83d\udfe2\ud83d\udfe1 UN MATCH DE HAUT NIVEAU \u00c0 BANDJOUN \u2013 PANTH\u00c8RE RE\u00c7OIT DYNAMO \ud83d\udc06<br>Supporters, amis du football,<br>Pr\u00e9parez-vous pour un rendez-vous \u00e0 ne pas manquer ce mercredi 04 juin 2025.<\/p>\n\n\n\n<p>La Panth\u00e8re du Nd\u00e9, solide \u00e0 domicile, accueille Dynamo de Douala, une \u00e9quipe en grande forme qui n\u2019a encore connu aucune d\u00e9faite depuis le d\u00e9but du 2\u1d49 tour.<br>Mais attention : \u00e0 Bandjoun, rien n\u2019est jamais facile pour l\u2019\u00e9quipe adverse. Ici, le football est une affaire de passion, de combativit\u00e9 et de solidarit\u00e9.<\/p>\n\n\n\n<p>Nos joueurs sont d\u00e9termin\u00e9s \u00e0 d\u00e9fendre nos couleurs avec fiert\u00e9. Le groupe s\u2019entra\u00eene dur, l\u2019esprit est positif, et tout est mis en place pour livrer une prestation solide et engag\u00e9e.<\/p>\n\n\n\n<p>Et vous, chers supporters, vous \u00eates notre force.<br>Ce mercredi, on veut vous voir nombreux dans les gradins, v\u00eatus de vos plus beaux maillots DIMI3, pour faire vibrer le Stade de Bandjoun.<br>Votre \u00e9nergie, vos chants, vos encouragements peuvent faire toute la diff\u00e9rence !<\/p>\n\n\n\n<p>D\u00e9tails du match :<\/p>\n\n\n\n<p>\ud83d\uddd3\ufe0f : Mercredi 04 Juin 2025<br>\ud83d\udd53 : 16h00<br>\ud83c\udfdf\ufe0f : Stade de Bandjoun<\/p>\n\n\n\n<p>Tenue conseill\u00e9e : Maillot DIMI3 et bonne humeur<\/p>\n\n\n\n<p>Ensemble, poussons notre \u00e9quipe vers la victoire. Chaque voix compte, chaque pr\u00e9sence est un plus.<\/p>\n\n\n\n<p>Que Bandjoun r\u00e9sonne comme jamais !<\/p>\n\n\n\n<p>\ud83d\udedc\ud83c\udfa5 EN DIRECT SUR MENO TV<\/p>\n\n\n\n<h1 class=\"wp-block-heading\">PanthereDuNde<\/h1>\n\n\n\n<h1 class=\"wp-block-heading\">TousEnDIMI3<\/h1>\n\n\n\n<h1 class=\"wp-block-heading\">Fiert\u00e9DuNd\u00e9<\/h1>\n\n\n\n<h1 class=\"wp-block-heading\">MatchDeLaSemaine<\/h1>\n","protected":false},"excerpt":{"rendered":"<p>\ud83d\udfe2\ud83d\udfe1 UN MATCH DE HAUT NIVEAU \u00c0 BANDJOUN \u2013 PANTH\u00c8RE RE\u00c7OIT DYNAMO \ud83d\udc06Supporters, amis du football,Pr\u00e9parez-vous pour un rendez-vous \u00e0 ne pas manquer ce mercredi 04 juin 2025. La Panth\u00e8re du Nd\u00e9, solide \u00e0 domicile, accueille Dynamo de Douala, une \u00e9quipe en grande forme qui n\u2019a encore connu aucune d\u00e9faite depuis le d\u00e9but du 2\u1d49 [&hellip;]<\/p>\n","protected":false},"author":1,"featured_media":2844,"comment_status":"open","ping_status":"open","sticky":false,"template":"","format":"standard","meta":{"_et_pb_use_builder":"off","_et_pb_old_content":"","_et_gb_content_width":"","loftloader_page_shortcode":"","footnotes":""},"categories":[14],"tags":[],"class_list":["post-2847","post","type-post","status-publish","format-standard","has-post-thumbnail","hentry","category-actualites"],"yoast_head":"<!-- This site is optimized with the Yoast SEO plugin v24.8.1 - https:\/\/yoast.com\/wordpress\/plugins\/seo\/ -->\n<title>MTN Elite One 26i\u00e8me journ\u00e9e: Panth\u00e8re Sportive du Nd\u00e9 Vs Dynamo FC de Douala - pantheresportivenzuisa.com<\/title>\n<meta name=\"robots\" content=\"index, follow, max-snippet:-1, max-image-preview:large, max-video-preview:-1\" \/>\n<link rel=\"canonical\" href=\"https:\/\/pantheresportivenzuisa.com\/fr\/mtn-elite-one-26ieme-journee-panthere-sportive-du-nde-vs-dynamo-fc-de-douala\/\" \/>\n<meta property=\"og:locale\" content=\"fr_FR\" \/>\n<meta property=\"og:type\" content=\"article\" \/>\n<meta property=\"og:title\" content=\"MTN Elite One 26i\u00e8me journ\u00e9e: Panth\u00e8re Sportive du Nd\u00e9 Vs Dynamo FC de Douala - pantheresportivenzuisa.com\" \/>\n<meta property=\"og:description\" content=\"\ud83d\udfe2\ud83d\udfe1 UN MATCH DE HAUT NIVEAU \u00c0 BANDJOUN \u2013 PANTH\u00c8RE RE\u00c7OIT DYNAMO \ud83d\udc06Supporters, amis du football,Pr\u00e9parez-vous pour un rendez-vous \u00e0 ne pas manquer ce mercredi 04 juin 2025. La Panth\u00e8re du Nd\u00e9, solide \u00e0 domicile, accueille Dynamo de Douala, une \u00e9quipe en grande forme qui n\u2019a encore connu aucune d\u00e9faite depuis le d\u00e9but du 2\u1d49 [&hellip;]\" \/>\n<meta property=\"og:url\" content=\"https:\/\/pantheresportivenzuisa.com\/fr\/mtn-elite-one-26ieme-journee-panthere-sportive-du-nde-vs-dynamo-fc-de-douala\/\" \/>\n<meta property=\"og:site_name\" content=\"pantheresportivenzuisa.com\" \/>\n<meta property=\"article:publisher\" content=\"https:\/\/www.facebook.com\/panthere.du.nde.sa\" \/>\n<meta property=\"article:published_time\" content=\"2025-06-02T13:20:15+00:00\" \/>\n<meta property=\"article:modified_time\" content=\"2025-06-02T13:20:16+00:00\" \/>\n<meta property=\"og:image\" content=\"https:\/\/pantheresportivenzuisa.com\/wp-content\/uploads\/2025\/06\/WhatsApp-Image-2025-06-02-at-11.02.21-1.jpeg\" \/>\n\t<meta property=\"og:image:width\" content=\"1080\" \/>\n\t<meta property=\"og:image:height\" content=\"1080\" \/>\n\t<meta property=\"og:image:type\" content=\"image\/jpeg\" \/>\n<meta name=\"author\" content=\"superadmin\" \/>\n<meta name=\"twitter:card\" content=\"summary_large_image\" \/>\n<meta name=\"twitter:label1\" content=\"\u00c9crit par\" \/>\n\t<meta name=\"twitter:data1\" content=\"superadmin\" \/>\n\t<meta name=\"twitter:label2\" content=\"Dur\u00e9e de lecture estim\u00e9e\" \/>\n\t<meta name=\"twitter:data2\" content=\"2 minutes\" \/>\n<script type=\"application\/ld+json\" class=\"yoast-schema-graph\">{\"@context\":\"https:\/\/schema.org\",\"@graph\":[{\"@type\":\"Article\",\"@id\":\"https:\/\/pantheresportivenzuisa.com\/fr\/mtn-elite-one-26ieme-journee-panthere-sportive-du-nde-vs-dynamo-fc-de-douala\/#article\",\"isPartOf\":{\"@id\":\"https:\/\/pantheresportivenzuisa.com\/fr\/mtn-elite-one-26ieme-journee-panthere-sportive-du-nde-vs-dynamo-fc-de-douala\/\"},\"author\":{\"name\":\"superadmin\",\"@id\":\"https:\/\/pantheresportivenzuisa.com\/fr\/#\/schema\/person\/d5c9b15f8b6143bc6502354988bdcf23\"},\"headline\":\"MTN Elite One 26i\u00e8me journ\u00e9e: Panth\u00e8re Sportive du Nd\u00e9 Vs Dynamo FC de Douala\",\"datePublished\":\"2025-06-02T13:20:15+00:00\",\"dateModified\":\"2025-06-02T13:20:16+00:00\",\"mainEntityOfPage\":{\"@id\":\"https:\/\/pantheresportivenzuisa.com\/fr\/mtn-elite-one-26ieme-journee-panthere-sportive-du-nde-vs-dynamo-fc-de-douala\/\"},\"wordCount\":229,\"commentCount\":0,\"publisher\":{\"@id\":\"https:\/\/pantheresportivenzuisa.com\/fr\/#organization\"},\"image\":{\"@id\":\"https:\/\/pantheresportivenzuisa.com\/fr\/mtn-elite-one-26ieme-journee-panthere-sportive-du-nde-vs-dynamo-fc-de-douala\/#primaryimage\"},\"thumbnailUrl\":\"https:\/\/pantheresportivenzuisa.com\/wp-content\/uploads\/2025\/06\/WhatsApp-Image-2025-06-02-at-11.02.21-1.jpeg\",\"articleSection\":[\"Actualit\u00e9s\"],\"inLanguage\":\"fr-FR\",\"potentialAction\":[{\"@type\":\"CommentAction\",\"name\":\"Comment\",\"target\":[\"https:\/\/pantheresportivenzuisa.com\/fr\/mtn-elite-one-26ieme-journee-panthere-sportive-du-nde-vs-dynamo-fc-de-douala\/#respond\"]}]},{\"@type\":\"WebPage\",\"@id\":\"https:\/\/pantheresportivenzuisa.com\/fr\/mtn-elite-one-26ieme-journee-panthere-sportive-du-nde-vs-dynamo-fc-de-douala\/\",\"url\":\"https:\/\/pantheresportivenzuisa.com\/fr\/mtn-elite-one-26ieme-journee-panthere-sportive-du-nde-vs-dynamo-fc-de-douala\/\",\"name\":\"MTN Elite One 26i\u00e8me journ\u00e9e: Panth\u00e8re Sportive du Nd\u00e9 Vs Dynamo FC de Douala - pantheresportivenzuisa.com\",\"isPartOf\":{\"@id\":\"https:\/\/pantheresportivenzuisa.com\/fr\/#website\"},\"primaryImageOfPage\":{\"@id\":\"https:\/\/pantheresportivenzuisa.com\/fr\/mtn-elite-one-26ieme-journee-panthere-sportive-du-nde-vs-dynamo-fc-de-douala\/#primaryimage\"},\"image\":{\"@id\":\"https:\/\/pantheresportivenzuisa.com\/fr\/mtn-elite-one-26ieme-journee-panthere-sportive-du-nde-vs-dynamo-fc-de-douala\/#primaryimage\"},\"thumbnailUrl\":\"https:\/\/pantheresportivenzuisa.com\/wp-content\/uploads\/2025\/06\/WhatsApp-Image-2025-06-02-at-11.02.21-1.jpeg\",\"datePublished\":\"2025-06-02T13:20:15+00:00\",\"dateModified\":\"2025-06-02T13:20:16+00:00\",\"breadcrumb\":{\"@id\":\"https:\/\/pantheresportivenzuisa.com\/fr\/mtn-elite-one-26ieme-journee-panthere-sportive-du-nde-vs-dynamo-fc-de-douala\/#breadcrumb\"},\"inLanguage\":\"fr-FR\",\"potentialAction\":[{\"@type\":\"ReadAction\",\"target\":[\"https:\/\/pantheresportivenzuisa.com\/fr\/mtn-elite-one-26ieme-journee-panthere-sportive-du-nde-vs-dynamo-fc-de-douala\/\"]}]},{\"@type\":\"ImageObject\",\"inLanguage\":\"fr-FR\",\"@id\":\"https:\/\/pantheresportivenzuisa.com\/fr\/mtn-elite-one-26ieme-journee-panthere-sportive-du-nde-vs-dynamo-fc-de-douala\/#primaryimage\",\"url\":\"https:\/\/pantheresportivenzuisa.com\/wp-content\/uploads\/2025\/06\/WhatsApp-Image-2025-06-02-at-11.02.21-1.jpeg\",\"contentUrl\":\"https:\/\/pantheresportivenzuisa.com\/wp-content\/uploads\/2025\/06\/WhatsApp-Image-2025-06-02-at-11.02.21-1.jpeg\",\"width\":1080,\"height\":1080},{\"@type\":\"BreadcrumbList\",\"@id\":\"https:\/\/pantheresportivenzuisa.com\/fr\/mtn-elite-one-26ieme-journee-panthere-sportive-du-nde-vs-dynamo-fc-de-douala\/#breadcrumb\",\"itemListElement\":[{\"@type\":\"ListItem\",\"position\":1,\"name\":\"Accueil\",\"item\":\"https:\/\/pantheresportivenzuisa.com\/\"},{\"@type\":\"ListItem\",\"position\":2,\"name\":\"MTN Elite One 26i\u00e8me journ\u00e9e: Panth\u00e8re Sportive du Nd\u00e9 Vs Dynamo FC de Douala\"}]},{\"@type\":\"WebSite\",\"@id\":\"https:\/\/pantheresportivenzuisa.com\/fr\/#website\",\"url\":\"https:\/\/pantheresportivenzuisa.com\/fr\/\",\"name\":\"pantheresportivenzuisa.com\",\"description\":\"\",\"publisher\":{\"@id\":\"https:\/\/pantheresportivenzuisa.com\/fr\/#organization\"},\"potentialAction\":[{\"@type\":\"SearchAction\",\"target\":{\"@type\":\"EntryPoint\",\"urlTemplate\":\"https:\/\/pantheresportivenzuisa.com\/fr\/?s={search_term_string}\"},\"query-input\":{\"@type\":\"PropertyValueSpecification\",\"valueRequired\":true,\"valueName\":\"search_term_string\"}}],\"inLanguage\":\"fr-FR\"},{\"@type\":\"Organization\",\"@id\":\"https:\/\/pantheresportivenzuisa.com\/fr\/#organization\",\"name\":\"pantheresportivenzuisa.com\",\"url\":\"https:\/\/pantheresportivenzuisa.com\/fr\/\",\"logo\":{\"@type\":\"ImageObject\",\"inLanguage\":\"fr-FR\",\"@id\":\"https:\/\/pantheresportivenzuisa.com\/fr\/#\/schema\/logo\/image\/\",\"url\":\"https:\/\/pantheresportivenzuisa.com\/wp-content\/uploads\/2025\/03\/logo-p.png\",\"contentUrl\":\"https:\/\/pantheresportivenzuisa.com\/wp-content\/uploads\/2025\/03\/logo-p.png\",\"width\":192,\"height\":197,\"caption\":\"pantheresportivenzuisa.com\"},\"image\":{\"@id\":\"https:\/\/pantheresportivenzuisa.com\/fr\/#\/schema\/logo\/image\/\"},\"sameAs\":[\"https:\/\/www.facebook.com\/panthere.du.nde.sa\",\"https:\/\/www.youtube.com\/@NzuimantoTV\/videos\"]},{\"@type\":\"Person\",\"@id\":\"https:\/\/pantheresportivenzuisa.com\/fr\/#\/schema\/person\/d5c9b15f8b6143bc6502354988bdcf23\",\"name\":\"superadmin\",\"image\":{\"@type\":\"ImageObject\",\"inLanguage\":\"fr-FR\",\"@id\":\"https:\/\/pantheresportivenzuisa.com\/fr\/#\/schema\/person\/image\/\",\"url\":\"https:\/\/secure.gravatar.com\/avatar\/516340eb7d0a77c02d213c71afe90e0c?s=96&d=mm&r=g\",\"contentUrl\":\"https:\/\/secure.gravatar.com\/avatar\/516340eb7d0a77c02d213c71afe90e0c?s=96&d=mm&r=g\",\"caption\":\"superadmin\"},\"url\":\"https:\/\/pantheresportivenzuisa.com\/fr\/author\/superadmin\/\"}]}<\/script>\n<!-- \/ Yoast SEO plugin. -->","yoast_head_json":{"title":"MTN Elite One 26i\u00e8me journ\u00e9e: Panth\u00e8re Sportive du Nd\u00e9 Vs Dynamo FC de Douala - pantheresportivenzuisa.com","robots":{"index":"index","follow":"follow","max-snippet":"max-snippet:-1","max-image-preview":"max-image-preview:large","max-video-preview":"max-video-preview:-1"},"canonical":"https:\/\/pantheresportivenzuisa.com\/fr\/mtn-elite-one-26ieme-journee-panthere-sportive-du-nde-vs-dynamo-fc-de-douala\/","og_locale":"fr_FR","og_type":"article","og_title":"MTN Elite One 26i\u00e8me journ\u00e9e: Panth\u00e8re Sportive du Nd\u00e9 Vs Dynamo FC de Douala - pantheresportivenzuisa.com","og_description":"\ud83d\udfe2\ud83d\udfe1 UN MATCH DE HAUT NIVEAU \u00c0 BANDJOUN \u2013 PANTH\u00c8RE RE\u00c7OIT DYNAMO \ud83d\udc06Supporters, amis du football,Pr\u00e9parez-vous pour un rendez-vous \u00e0 ne pas manquer ce mercredi 04 juin 2025. La Panth\u00e8re du Nd\u00e9, solide \u00e0 domicile, accueille Dynamo de Douala, une \u00e9quipe en grande forme qui n\u2019a encore connu aucune d\u00e9faite depuis le d\u00e9but du 2\u1d49 [&hellip;]","og_url":"https:\/\/pantheresportivenzuisa.com\/fr\/mtn-elite-one-26ieme-journee-panthere-sportive-du-nde-vs-dynamo-fc-de-douala\/","og_site_name":"pantheresportivenzuisa.com","article_publisher":"https:\/\/www.facebook.com\/panthere.du.nde.sa","article_published_time":"2025-06-02T13:20:15+00:00","article_modified_time":"2025-06-02T13:20:16+00:00","og_image":[{"width":1080,"height":1080,"url":"https:\/\/pantheresportivenzuisa.com\/wp-content\/uploads\/2025\/06\/WhatsApp-Image-2025-06-02-at-11.02.21-1.jpeg","type":"image\/jpeg"}],"author":"superadmin","twitter_card":"summary_large_image","twitter_misc":{"\u00c9crit par":"superadmin","Dur\u00e9e de lecture estim\u00e9e":"2 minutes"},"schema":{"@context":"https:\/\/schema.org","@graph":[{"@type":"Article","@id":"https:\/\/pantheresportivenzuisa.com\/fr\/mtn-elite-one-26ieme-journee-panthere-sportive-du-nde-vs-dynamo-fc-de-douala\/#article","isPartOf":{"@id":"https:\/\/pantheresportivenzuisa.com\/fr\/mtn-elite-one-26ieme-journee-panthere-sportive-du-nde-vs-dynamo-fc-de-douala\/"},"author":{"name":"superadmin","@id":"https:\/\/pantheresportivenzuisa.com\/fr\/#\/schema\/person\/d5c9b15f8b6143bc6502354988bdcf23"},"headline":"MTN Elite One 26i\u00e8me journ\u00e9e: Panth\u00e8re Sportive du Nd\u00e9 Vs Dynamo FC de Douala","datePublished":"2025-06-02T13:20:15+00:00","dateModified":"2025-06-02T13:20:16+00:00","mainEntityOfPage":{"@id":"https:\/\/pantheresportivenzuisa.com\/fr\/mtn-elite-one-26ieme-journee-panthere-sportive-du-nde-vs-dynamo-fc-de-douala\/"},"wordCount":229,"commentCount":0,"publisher":{"@id":"https:\/\/pantheresportivenzuisa.com\/fr\/#organization"},"image":{"@id":"https:\/\/pantheresportivenzuisa.com\/fr\/mtn-elite-one-26ieme-journee-panthere-sportive-du-nde-vs-dynamo-fc-de-douala\/#primaryimage"},"thumbnailUrl":"https:\/\/pantheresportivenzuisa.com\/wp-content\/uploads\/2025\/06\/WhatsApp-Image-2025-06-02-at-11.02.21-1.jpeg","articleSection":["Actualit\u00e9s"],"inLanguage":"fr-FR","potentialAction":[{"@type":"CommentAction","name":"Comment","target":["https:\/\/pantheresportivenzuisa.com\/fr\/mtn-elite-one-26ieme-journee-panthere-sportive-du-nde-vs-dynamo-fc-de-douala\/#respond"]}]},{"@type":"WebPage","@id":"https:\/\/pantheresportivenzuisa.com\/fr\/mtn-elite-one-26ieme-journee-panthere-sportive-du-nde-vs-dynamo-fc-de-douala\/","url":"https:\/\/pantheresportivenzuisa.com\/fr\/mtn-elite-one-26ieme-journee-panthere-sportive-du-nde-vs-dynamo-fc-de-douala\/","name":"MTN Elite One 26i\u00e8me journ\u00e9e: Panth\u00e8re Sportive du Nd\u00e9 Vs Dynamo FC de Douala - pantheresportivenzuisa.com","isPartOf":{"@id":"https:\/\/pantheresportivenzuisa.com\/fr\/#website"},"primaryImageOfPage":{"@id":"https:\/\/pantheresportivenzuisa.com\/fr\/mtn-elite-one-26ieme-journee-panthere-sportive-du-nde-vs-dynamo-fc-de-douala\/#primaryimage"},"image":{"@id":"https:\/\/pantheresportivenzuisa.com\/fr\/mtn-elite-one-26ieme-journee-panthere-sportive-du-nde-vs-dynamo-fc-de-douala\/#primaryimage"},"thumbnailUrl":"https:\/\/pantheresportivenzuisa.com\/wp-content\/uploads\/2025\/06\/WhatsApp-Image-2025-06-02-at-11.02.21-1.jpeg","datePublished":"2025-06-02T13:20:15+00:00","dateModified":"2025-06-02T13:20:16+00:00","breadcrumb":{"@id":"https:\/\/pantheresportivenzuisa.com\/fr\/mtn-elite-one-26ieme-journee-panthere-sportive-du-nde-vs-dynamo-fc-de-douala\/#breadcrumb"},"inLanguage":"fr-FR","potentialAction":[{"@type":"ReadAction","target":["https:\/\/pantheresportivenzuisa.com\/fr\/mtn-elite-one-26ieme-journee-panthere-sportive-du-nde-vs-dynamo-fc-de-douala\/"]}]},{"@type":"ImageObject","inLanguage":"fr-FR","@id":"https:\/\/pantheresportivenzuisa.com\/fr\/mtn-elite-one-26ieme-journee-panthere-sportive-du-nde-vs-dynamo-fc-de-douala\/#primaryimage","url":"https:\/\/pantheresportivenzuisa.com\/wp-content\/uploads\/2025\/06\/WhatsApp-Image-2025-06-02-at-11.02.21-1.jpeg","contentUrl":"https:\/\/pantheresportivenzuisa.com\/wp-content\/uploads\/2025\/06\/WhatsApp-Image-2025-06-02-at-11.02.21-1.jpeg","width":1080,"height":1080},{"@type":"BreadcrumbList","@id":"https:\/\/pantheresportivenzuisa.com\/fr\/mtn-elite-one-26ieme-journee-panthere-sportive-du-nde-vs-dynamo-fc-de-douala\/#breadcrumb","itemListElement":[{"@type":"ListItem","position":1,"name":"Accueil","item":"https:\/\/pantheresportivenzuisa.com\/"},{"@type":"ListItem","position":2,"name":"MTN Elite One 26i\u00e8me journ\u00e9e: Panth\u00e8re Sportive du Nd\u00e9 Vs Dynamo FC de Douala"}]},{"@type":"WebSite","@id":"https:\/\/pantheresportivenzuisa.com\/fr\/#website","url":"https:\/\/pantheresportivenzuisa.com\/fr\/","name":"pantheresportivenzuisa.com","description":"","publisher":{"@id":"https:\/\/pantheresportivenzuisa.com\/fr\/#organization"},"potentialAction":[{"@type":"SearchAction","target":{"@type":"EntryPoint","urlTemplate":"https:\/\/pantheresportivenzuisa.com\/fr\/?s={search_term_string}"},"query-input":{"@type":"PropertyValueSpecification","valueRequired":true,"valueName":"search_term_string"}}],"inLanguage":"fr-FR"},{"@type":"Organization","@id":"https:\/\/pantheresportivenzuisa.com\/fr\/#organization","name":"pantheresportivenzuisa.com","url":"https:\/\/pantheresportivenzuisa.com\/fr\/","logo":{"@type":"ImageObject","inLanguage":"fr-FR","@id":"https:\/\/pantheresportivenzuisa.com\/fr\/#\/schema\/logo\/image\/","url":"https:\/\/pantheresportivenzuisa.com\/wp-content\/uploads\/2025\/03\/logo-p.png","contentUrl":"https:\/\/pantheresportivenzuisa.com\/wp-content\/uploads\/2025\/03\/logo-p.png","width":192,"height":197,"caption":"pantheresportivenzuisa.com"},"image":{"@id":"https:\/\/pantheresportivenzuisa.com\/fr\/#\/schema\/logo\/image\/"},"sameAs":["https:\/\/www.facebook.com\/panthere.du.nde.sa","https:\/\/www.youtube.com\/@NzuimantoTV\/videos"]},{"@type":"Person","@id":"https:\/\/pantheresportivenzuisa.com\/fr\/#\/schema\/person\/d5c9b15f8b6143bc6502354988bdcf23","name":"superadmin","image":{"@type":"ImageObject","inLanguage":"fr-FR","@id":"https:\/\/pantheresportivenzuisa.com\/fr\/#\/schema\/person\/image\/","url":"https:\/\/secure.gravatar.com\/avatar\/516340eb7d0a77c02d213c71afe90e0c?s=96&d=mm&r=g","contentUrl":"https:\/\/secure.gravatar.com\/avatar\/516340eb7d0a77c02d213c71afe90e0c?s=96&d=mm&r=g","caption":"superadmin"},"url":"https:\/\/pantheresportivenzuisa.com\/fr\/author\/superadmin\/"}]}},"_links":{"self":[{"href":"https:\/\/pantheresportivenzuisa.com\/fr\/wp-json\/wp\/v2\/posts\/2847","targetHints":{"allow":["GET"]}}],"collection":[{"href":"https:\/\/pantheresportivenzuisa.com\/fr\/wp-json\/wp\/v2\/posts"}],"about":[{"href":"https:\/\/pantheresportivenzuisa.com\/fr\/wp-json\/wp\/v2\/types\/post"}],"author":[{"embeddable":true,"href":"https:\/\/pantheresportivenzuisa.com\/fr\/wp-json\/wp\/v2\/users\/1"}],"replies":[{"embeddable":true,"href":"https:\/\/pantheresportivenzuisa.com\/fr\/wp-json\/wp\/v2\/comments?post=2847"}],"version-history":[{"count":1,"href":"https:\/\/pantheresportivenzuisa.com\/fr\/wp-json\/wp\/v2\/posts\/2847\/revisions"}],"predecessor-version":[{"id":2848,"href":"https:\/\/pantheresportivenzuisa.com\/fr\/wp-json\/wp\/v2\/posts\/2847\/revisions\/2848"}],"wp:featuredmedia":[{"embeddable":true,"href":"https:\/\/pantheresportivenzuisa.com\/fr\/wp-json\/wp\/v2\/media\/2844"}],"wp:attachment":[{"href":"https:\/\/pantheresportivenzuisa.com\/fr\/wp-json\/wp\/v2\/media?parent=2847"}],"wp:term":[{"taxonomy":"category","embeddable":true,"href":"https:\/\/pantheresportivenzuisa.com\/fr\/wp-json\/wp\/v2\/categories?post=2847"},{"taxonomy":"post_tag","embeddable":true,"href":"https:\/\/pantheresportivenzuisa.com\/fr\/wp-json\/wp\/v2\/tags?post=2847"}],"curies":[{"name":"wp","href":"https:\/\/api.w.org\/{rel}","templated":true}]}}